{"id":553,"date":"2026-06-03T11:50:54","date_gmt":"2026-06-03T09:50:54","guid":{"rendered":"https:\/\/elifestivalera.com\/?p=553"},"modified":"2026-06-03T11:50:55","modified_gmt":"2026-06-03T09:50:55","slug":"sr-bizarro-presenta-frecuencias-y-armonias-temporales","status":"publish","type":"post","link":"https:\/\/elifestivalera.com\/index.php\/2026\/06\/03\/sr-bizarro-presenta-frecuencias-y-armonias-temporales\/","title":{"rendered":"Sr. Bizarro presenta \u00abFrecuencias y Armon\u00edas Temporales\u00bb"},"content":{"rendered":"\n<p class=\"wp-block-paragraph\">La banda alicantina <strong>Sr. Bizarro<\/strong> presenta su nuevo \u00e1lbum\u00a0<em><strong>Frecuencias y Armon\u00edas Temporales<\/strong><\/em>, un\u00a0primer trabajo libre concebido para enganchar desde el primer momento y arrastrar al oyente por un recorrido que va de la introspecci\u00f3n al movimiento sin previo aviso.<\/p>\n\n\n\n<p class=\"wp-block-paragraph\">Sin anclarse a etiquetas r\u00edgidas,&nbsp;<strong>el \u00e1lbum se desplaza por distintos territorios sonoros con una clara intenci\u00f3n de aportar aire nuevo dentro del panorama actual.<\/strong>&nbsp;Cada corte plantea un escenario diferente: hay espacio para la reflexi\u00f3n, pero tambi\u00e9n para la inercia r\u00edtmica, todo bajo una personalidad que reh\u00faye la inmovilidad.<\/p>\n\n\n\n<figure class=\"wp-block-image size-large\"><img decoding=\"async\" width=\"683\" height=\"1024\" src=\"https:\/\/elifestivalera.com\/wp-content\/uploads\/2026\/06\/image-683x1024.png\" alt=\"\" class=\"wp-image-544\" srcset=\"https:\/\/elifestivalera.com\/wp-content\/uploads\/2026\/06\/image-683x1024.png 683w, https:\/\/elifestivalera.com\/wp-content\/uploads\/2026\/06\/image-200x300.png 200w, https:\/\/elifestivalera.com\/wp-content\/uploads\/2026\/06\/image-768x1152.png 768w, https:\/\/elifestivalera.com\/wp-content\/uploads\/2026\/06\/image-1024x1536.png 1024w, https:\/\/elifestivalera.com\/wp-content\/uploads\/2026\/06\/image-1365x2048.png 1365w, https:\/\/elifestivalera.com\/wp-content\/uploads\/2026\/06\/image-scaled.png 1707w\" sizes=\"(max-width: 683px) 100vw, 683px\" \/><\/figure>\n\n\n\n<p class=\"wp-block-paragraph\">En sus doce canciones,<strong>&nbsp;<em>Frecuencias y Armon\u00edas Temporales<\/em>&nbsp;pone el acento en la naturaleza cambiante de las relaciones humanas.<\/strong>&nbsp;Historias que surgen, mutan y se disuelven, dejando a su paso deseo, frustraci\u00f3n y un carrusel emocional tan reconocible como cotidiano.&nbsp;<strong>Sr. Bizarro<\/strong>&nbsp;traduce esa vivencia en un discurso simb\u00f3lico que refleja una realidad marcada por lo ef\u00edmero y el ruido de lo superfluo.<\/p>\n\n\n\n<figure class=\"wp-block-embed is-type-rich is-provider-spotify wp-block-embed-spotify wp-embed-aspect-21-9 wp-has-aspect-ratio\"><div class=\"wp-block-embed__wrapper\">\n<iframe title=\"Spotify Embed: Frecuencias y Armon\u00edas Temporales\" style=\"border-radius: 12px\" width=\"100%\" height=\"352\" frameborder=\"0\" allowfullscreen allow=\"autoplay; clipboard-write; encrypted-media; fullscreen; picture-in-picture\" loading=\"lazy\" src=\"https:\/\/open.spotify.com\/embed\/album\/4N10VxWlN2UjM0cQ7kkE59?si=f6080bb34e4f46fd&amp;utm_source=oembed\"><\/iframe>\n<\/div><\/figure>\n\n\n\n<h2 class=\"wp-block-heading\">Tambi\u00e9n te puede interesar de Sr. Bizarro<\/h2>\n\n\n\n<ul class=\"wp-block-list\">\n<li><a href=\"https:\/\/elifestivalera.com\/index.php\/2026\/06\/02\/sr-bizarro-presenta-su-nuevo-single-somos-conciencia\/\" target=\"_blank\" rel=\"noopener\" title=\"Sr. Bizarro presenta su nuevo single \u00abSomos Coincidencia\u00bb\">Sr. Bizarro presenta su nuevo single \u00abSomos Coincidencia\u00bb<\/a><\/li>\n<\/ul>\n","protected":false},"excerpt":{"rendered":"<p>La banda alicantina Sr. Bizarro presenta su nuevo \u00e1lbum\u00a0Frecuencias y Armon\u00edas Temporales, un\u00a0primer trabajo libre concebido para enganchar desde el primer momento y arrastrar al oyente por un recorrido que va de la introspecci\u00f3n al movimiento sin previo aviso. Sin anclarse a etiquetas r\u00edgidas,&nbsp;el \u00e1lbum se desplaza por distintos territorios sonoros con una clara intenci\u00f3n [&hellip;]<\/p>\n","protected":false},"author":1,"featured_media":554,"comment_status":"open","ping_status":"open","sticky":false,"template":"","format":"standard","meta":{"footnotes":""},"categories":[1],"tags":[],"class_list":["post-553","post","type-post","status-publish","format-standard","has-post-thumbnail","hentry","category-blog"],"yoast_head":"<!-- This site is optimized with the Yoast SEO plugin v28.3 - https:\/\/yoast.com\/product\/yoast-seo-wordpress\/ -->\n<title>Sr. Bizarro presenta &quot;Frecuencias y Armon\u00edas Temporales&quot; - @EliFestivalera<\/title>\n<meta name=\"robots\" content=\"index, follow, max-snippet:-1, max-image-preview:large, max-video-preview:-1\" \/>\n<link rel=\"canonical\" href=\"https:\/\/elifestivalera.com\/index.php\/2026\/06\/03\/sr-bizarro-presenta-frecuencias-y-armonias-temporales\/\" \/>\n<meta property=\"og:locale\" content=\"es_ES\" \/>\n<meta property=\"og:type\" content=\"article\" \/>\n<meta property=\"og:title\" content=\"Sr. Bizarro presenta &quot;Frecuencias y Armon\u00edas Temporales&quot; - @EliFestivalera\" \/>\n<meta property=\"og:description\" content=\"La banda alicantina Sr. Bizarro presenta su nuevo \u00e1lbum\u00a0Frecuencias y Armon\u00edas Temporales, un\u00a0primer trabajo libre concebido para enganchar desde el primer momento y arrastrar al oyente por un recorrido que va de la introspecci\u00f3n al movimiento sin previo aviso. Sin anclarse a etiquetas r\u00edgidas,&nbsp;el \u00e1lbum se desplaza por distintos territorios sonoros con una clara intenci\u00f3n [&hellip;]\" \/>\n<meta property=\"og:url\" content=\"https:\/\/elifestivalera.com\/index.php\/2026\/06\/03\/sr-bizarro-presenta-frecuencias-y-armonias-temporales\/\" \/>\n<meta property=\"og:site_name\" content=\"@EliFestivalera\" \/>\n<meta property=\"article:published_time\" content=\"2026-06-03T09:50:54+00:00\" \/>\n<meta property=\"article:modified_time\" content=\"2026-06-03T09:50:55+00:00\" \/>\n<meta property=\"og:image\" content=\"https:\/\/elifestivalera.com\/wp-content\/uploads\/2026\/06\/Captura-de-pantalla-2026-06-03-114226.png\" \/>\n\t<meta property=\"og:image:width\" content=\"734\" \/>\n\t<meta property=\"og:image:height\" content=\"732\" \/>\n\t<meta property=\"og:image:type\" content=\"image\/png\" \/>\n<meta name=\"author\" content=\"eliguzmane\" \/>\n<meta name=\"twitter:card\" content=\"summary_large_image\" \/>\n<meta name=\"twitter:label1\" content=\"Escrito por\" \/>\n\t<meta name=\"twitter:data1\" content=\"eliguzmane\" \/>\n\t<meta name=\"twitter:label2\" content=\"Tiempo de lectura\" \/>\n\t<meta name=\"twitter:data2\" content=\"1 minuto\" \/>\n<script type=\"application\/ld+json\" class=\"yoast-schema-graph\">{\"@context\":\"https:\\\/\\\/schema.org\",\"@graph\":[{\"@type\":\"Article\",\"@id\":\"https:\\\/\\\/elifestivalera.com\\\/index.php\\\/2026\\\/06\\\/03\\\/sr-bizarro-presenta-frecuencias-y-armonias-temporales\\\/#article\",\"isPartOf\":{\"@id\":\"https:\\\/\\\/elifestivalera.com\\\/index.php\\\/2026\\\/06\\\/03\\\/sr-bizarro-presenta-frecuencias-y-armonias-temporales\\\/\"},\"author\":{\"name\":\"eliguzmane\",\"@id\":\"https:\\\/\\\/elifestivalera.com\\\/#\\\/schema\\\/person\\\/f718ee5823a82f58726c06e42902104a\"},\"headline\":\"Sr. Bizarro presenta \u00abFrecuencias y Armon\u00edas Temporales\u00bb\",\"datePublished\":\"2026-06-03T09:50:54+00:00\",\"dateModified\":\"2026-06-03T09:50:55+00:00\",\"mainEntityOfPage\":{\"@id\":\"https:\\\/\\\/elifestivalera.com\\\/index.php\\\/2026\\\/06\\\/03\\\/sr-bizarro-presenta-frecuencias-y-armonias-temporales\\\/\"},\"wordCount\":214,\"commentCount\":0,\"publisher\":{\"@id\":\"https:\\\/\\\/elifestivalera.com\\\/#\\\/schema\\\/person\\\/f718ee5823a82f58726c06e42902104a\"},\"image\":{\"@id\":\"https:\\\/\\\/elifestivalera.com\\\/index.php\\\/2026\\\/06\\\/03\\\/sr-bizarro-presenta-frecuencias-y-armonias-temporales\\\/#primaryimage\"},\"thumbnailUrl\":\"https:\\\/\\\/elifestivalera.com\\\/wp-content\\\/uploads\\\/2026\\\/06\\\/Captura-de-pantalla-2026-06-03-114226.png\",\"articleSection\":[\"Blog\"],\"inLanguage\":\"es\",\"potentialAction\":[{\"@type\":\"CommentAction\",\"name\":\"Comment\",\"target\":[\"https:\\\/\\\/elifestivalera.com\\\/index.php\\\/2026\\\/06\\\/03\\\/sr-bizarro-presenta-frecuencias-y-armonias-temporales\\\/#respond\"]}]},{\"@type\":\"WebPage\",\"@id\":\"https:\\\/\\\/elifestivalera.com\\\/index.php\\\/2026\\\/06\\\/03\\\/sr-bizarro-presenta-frecuencias-y-armonias-temporales\\\/\",\"url\":\"https:\\\/\\\/elifestivalera.com\\\/index.php\\\/2026\\\/06\\\/03\\\/sr-bizarro-presenta-frecuencias-y-armonias-temporales\\\/\",\"name\":\"Sr. Bizarro presenta \\\"Frecuencias y Armon\u00edas Temporales\\\" - @EliFestivalera\",\"isPartOf\":{\"@id\":\"https:\\\/\\\/elifestivalera.com\\\/#website\"},\"primaryImageOfPage\":{\"@id\":\"https:\\\/\\\/elifestivalera.com\\\/index.php\\\/2026\\\/06\\\/03\\\/sr-bizarro-presenta-frecuencias-y-armonias-temporales\\\/#primaryimage\"},\"image\":{\"@id\":\"https:\\\/\\\/elifestivalera.com\\\/index.php\\\/2026\\\/06\\\/03\\\/sr-bizarro-presenta-frecuencias-y-armonias-temporales\\\/#primaryimage\"},\"thumbnailUrl\":\"https:\\\/\\\/elifestivalera.com\\\/wp-content\\\/uploads\\\/2026\\\/06\\\/Captura-de-pantalla-2026-06-03-114226.png\",\"datePublished\":\"2026-06-03T09:50:54+00:00\",\"dateModified\":\"2026-06-03T09:50:55+00:00\",\"breadcrumb\":{\"@id\":\"https:\\\/\\\/elifestivalera.com\\\/index.php\\\/2026\\\/06\\\/03\\\/sr-bizarro-presenta-frecuencias-y-armonias-temporales\\\/#breadcrumb\"},\"inLanguage\":\"es\",\"potentialAction\":[{\"@type\":\"ReadAction\",\"target\":[\"https:\\\/\\\/elifestivalera.com\\\/index.php\\\/2026\\\/06\\\/03\\\/sr-bizarro-presenta-frecuencias-y-armonias-temporales\\\/\"]}]},{\"@type\":\"ImageObject\",\"inLanguage\":\"es\",\"@id\":\"https:\\\/\\\/elifestivalera.com\\\/index.php\\\/2026\\\/06\\\/03\\\/sr-bizarro-presenta-frecuencias-y-armonias-temporales\\\/#primaryimage\",\"url\":\"https:\\\/\\\/elifestivalera.com\\\/wp-content\\\/uploads\\\/2026\\\/06\\\/Captura-de-pantalla-2026-06-03-114226.png\",\"contentUrl\":\"https:\\\/\\\/elifestivalera.com\\\/wp-content\\\/uploads\\\/2026\\\/06\\\/Captura-de-pantalla-2026-06-03-114226.png\",\"width\":734,\"height\":732,\"caption\":\"Sr. Bizarro frecuencias temporales\"},{\"@type\":\"BreadcrumbList\",\"@id\":\"https:\\\/\\\/elifestivalera.com\\\/index.php\\\/2026\\\/06\\\/03\\\/sr-bizarro-presenta-frecuencias-y-armonias-temporales\\\/#breadcrumb\",\"itemListElement\":[{\"@type\":\"ListItem\",\"position\":1,\"name\":\"Portada\",\"item\":\"https:\\\/\\\/elifestivalera.com\\\/\"},{\"@type\":\"ListItem\",\"position\":2,\"name\":\"Sr. Bizarro presenta \u00abFrecuencias y Armon\u00edas Temporales\u00bb\"}]},{\"@type\":\"WebSite\",\"@id\":\"https:\\\/\\\/elifestivalera.com\\\/#website\",\"url\":\"https:\\\/\\\/elifestivalera.com\\\/\",\"name\":\"@EliFestivalera\",\"description\":\"Blog donde aprendemos sobre las industrias creativas, m\u00fasica, cultura, arte, music business y mucho m\u00e1s.\",\"publisher\":{\"@id\":\"https:\\\/\\\/elifestivalera.com\\\/#\\\/schema\\\/person\\\/f718ee5823a82f58726c06e42902104a\"},\"potentialAction\":[{\"@type\":\"SearchAction\",\"target\":{\"@type\":\"EntryPoint\",\"urlTemplate\":\"https:\\\/\\\/elifestivalera.com\\\/?s={search_term_string}\"},\"query-input\":{\"@type\":\"PropertyValueSpecification\",\"valueRequired\":true,\"valueName\":\"search_term_string\"}}],\"inLanguage\":\"es\"},{\"@type\":[\"Person\",\"Organization\"],\"@id\":\"https:\\\/\\\/elifestivalera.com\\\/#\\\/schema\\\/person\\\/f718ee5823a82f58726c06e42902104a\",\"name\":\"eliguzmane\",\"image\":{\"@type\":\"ImageObject\",\"inLanguage\":\"es\",\"@id\":\"https:\\\/\\\/elifestivalera.com\\\/wp-content\\\/uploads\\\/2025\\\/08\\\/Eli-Guzmane-4-edited.png\",\"url\":\"https:\\\/\\\/elifestivalera.com\\\/wp-content\\\/uploads\\\/2025\\\/08\\\/Eli-Guzmane-4-edited.png\",\"contentUrl\":\"https:\\\/\\\/elifestivalera.com\\\/wp-content\\\/uploads\\\/2025\\\/08\\\/Eli-Guzmane-4-edited.png\",\"width\":1197,\"height\":673,\"caption\":\"eliguzmane\"},\"logo\":{\"@id\":\"https:\\\/\\\/elifestivalera.com\\\/wp-content\\\/uploads\\\/2025\\\/08\\\/Eli-Guzmane-4-edited.png\"},\"sameAs\":[\"https:\\\/\\\/elifestivalera.com\"],\"url\":\"https:\\\/\\\/elifestivalera.com\\\/index.php\\\/author\\\/eliguzmane\\\/\"}]}<\/script>\n<!-- \/ Yoast SEO plugin. -->","yoast_head_json":{"title":"Sr. Bizarro presenta \"Frecuencias y Armon\u00edas Temporales\" - @EliFestivalera","robots":{"index":"index","follow":"follow","max-snippet":"max-snippet:-1","max-image-preview":"max-image-preview:large","max-video-preview":"max-video-preview:-1"},"canonical":"https:\/\/elifestivalera.com\/index.php\/2026\/06\/03\/sr-bizarro-presenta-frecuencias-y-armonias-temporales\/","og_locale":"es_ES","og_type":"article","og_title":"Sr. Bizarro presenta \"Frecuencias y Armon\u00edas Temporales\" - @EliFestivalera","og_description":"La banda alicantina Sr. Bizarro presenta su nuevo \u00e1lbum\u00a0Frecuencias y Armon\u00edas Temporales, un\u00a0primer trabajo libre concebido para enganchar desde el primer momento y arrastrar al oyente por un recorrido que va de la introspecci\u00f3n al movimiento sin previo aviso. Sin anclarse a etiquetas r\u00edgidas,&nbsp;el \u00e1lbum se desplaza por distintos territorios sonoros con una clara intenci\u00f3n [&hellip;]","og_url":"https:\/\/elifestivalera.com\/index.php\/2026\/06\/03\/sr-bizarro-presenta-frecuencias-y-armonias-temporales\/","og_site_name":"@EliFestivalera","article_published_time":"2026-06-03T09:50:54+00:00","article_modified_time":"2026-06-03T09:50:55+00:00","og_image":[{"width":734,"height":732,"url":"https:\/\/elifestivalera.com\/wp-content\/uploads\/2026\/06\/Captura-de-pantalla-2026-06-03-114226.png","type":"image\/png"}],"author":"eliguzmane","twitter_card":"summary_large_image","twitter_misc":{"Escrito por":"eliguzmane","Tiempo de lectura":"1 minuto"},"schema":{"@context":"https:\/\/schema.org","@graph":[{"@type":"Article","@id":"https:\/\/elifestivalera.com\/index.php\/2026\/06\/03\/sr-bizarro-presenta-frecuencias-y-armonias-temporales\/#article","isPartOf":{"@id":"https:\/\/elifestivalera.com\/index.php\/2026\/06\/03\/sr-bizarro-presenta-frecuencias-y-armonias-temporales\/"},"author":{"name":"eliguzmane","@id":"https:\/\/elifestivalera.com\/#\/schema\/person\/f718ee5823a82f58726c06e42902104a"},"headline":"Sr. Bizarro presenta \u00abFrecuencias y Armon\u00edas Temporales\u00bb","datePublished":"2026-06-03T09:50:54+00:00","dateModified":"2026-06-03T09:50:55+00:00","mainEntityOfPage":{"@id":"https:\/\/elifestivalera.com\/index.php\/2026\/06\/03\/sr-bizarro-presenta-frecuencias-y-armonias-temporales\/"},"wordCount":214,"commentCount":0,"publisher":{"@id":"https:\/\/elifestivalera.com\/#\/schema\/person\/f718ee5823a82f58726c06e42902104a"},"image":{"@id":"https:\/\/elifestivalera.com\/index.php\/2026\/06\/03\/sr-bizarro-presenta-frecuencias-y-armonias-temporales\/#primaryimage"},"thumbnailUrl":"https:\/\/elifestivalera.com\/wp-content\/uploads\/2026\/06\/Captura-de-pantalla-2026-06-03-114226.png","articleSection":["Blog"],"inLanguage":"es","potentialAction":[{"@type":"CommentAction","name":"Comment","target":["https:\/\/elifestivalera.com\/index.php\/2026\/06\/03\/sr-bizarro-presenta-frecuencias-y-armonias-temporales\/#respond"]}]},{"@type":"WebPage","@id":"https:\/\/elifestivalera.com\/index.php\/2026\/06\/03\/sr-bizarro-presenta-frecuencias-y-armonias-temporales\/","url":"https:\/\/elifestivalera.com\/index.php\/2026\/06\/03\/sr-bizarro-presenta-frecuencias-y-armonias-temporales\/","name":"Sr. Bizarro presenta \"Frecuencias y Armon\u00edas Temporales\" - @EliFestivalera","isPartOf":{"@id":"https:\/\/elifestivalera.com\/#website"},"primaryImageOfPage":{"@id":"https:\/\/elifestivalera.com\/index.php\/2026\/06\/03\/sr-bizarro-presenta-frecuencias-y-armonias-temporales\/#primaryimage"},"image":{"@id":"https:\/\/elifestivalera.com\/index.php\/2026\/06\/03\/sr-bizarro-presenta-frecuencias-y-armonias-temporales\/#primaryimage"},"thumbnailUrl":"https:\/\/elifestivalera.com\/wp-content\/uploads\/2026\/06\/Captura-de-pantalla-2026-06-03-114226.png","datePublished":"2026-06-03T09:50:54+00:00","dateModified":"2026-06-03T09:50:55+00:00","breadcrumb":{"@id":"https:\/\/elifestivalera.com\/index.php\/2026\/06\/03\/sr-bizarro-presenta-frecuencias-y-armonias-temporales\/#breadcrumb"},"inLanguage":"es","potentialAction":[{"@type":"ReadAction","target":["https:\/\/elifestivalera.com\/index.php\/2026\/06\/03\/sr-bizarro-presenta-frecuencias-y-armonias-temporales\/"]}]},{"@type":"ImageObject","inLanguage":"es","@id":"https:\/\/elifestivalera.com\/index.php\/2026\/06\/03\/sr-bizarro-presenta-frecuencias-y-armonias-temporales\/#primaryimage","url":"https:\/\/elifestivalera.com\/wp-content\/uploads\/2026\/06\/Captura-de-pantalla-2026-06-03-114226.png","contentUrl":"https:\/\/elifestivalera.com\/wp-content\/uploads\/2026\/06\/Captura-de-pantalla-2026-06-03-114226.png","width":734,"height":732,"caption":"Sr. Bizarro frecuencias temporales"},{"@type":"BreadcrumbList","@id":"https:\/\/elifestivalera.com\/index.php\/2026\/06\/03\/sr-bizarro-presenta-frecuencias-y-armonias-temporales\/#breadcrumb","itemListElement":[{"@type":"ListItem","position":1,"name":"Portada","item":"https:\/\/elifestivalera.com\/"},{"@type":"ListItem","position":2,"name":"Sr. Bizarro presenta \u00abFrecuencias y Armon\u00edas Temporales\u00bb"}]},{"@type":"WebSite","@id":"https:\/\/elifestivalera.com\/#website","url":"https:\/\/elifestivalera.com\/","name":"@EliFestivalera","description":"Blog donde aprendemos sobre las industrias creativas, m\u00fasica, cultura, arte, music business y mucho m\u00e1s.","publisher":{"@id":"https:\/\/elifestivalera.com\/#\/schema\/person\/f718ee5823a82f58726c06e42902104a"},"potentialAction":[{"@type":"SearchAction","target":{"@type":"EntryPoint","urlTemplate":"https:\/\/elifestivalera.com\/?s={search_term_string}"},"query-input":{"@type":"PropertyValueSpecification","valueRequired":true,"valueName":"search_term_string"}}],"inLanguage":"es"},{"@type":["Person","Organization"],"@id":"https:\/\/elifestivalera.com\/#\/schema\/person\/f718ee5823a82f58726c06e42902104a","name":"eliguzmane","image":{"@type":"ImageObject","inLanguage":"es","@id":"https:\/\/elifestivalera.com\/wp-content\/uploads\/2025\/08\/Eli-Guzmane-4-edited.png","url":"https:\/\/elifestivalera.com\/wp-content\/uploads\/2025\/08\/Eli-Guzmane-4-edited.png","contentUrl":"https:\/\/elifestivalera.com\/wp-content\/uploads\/2025\/08\/Eli-Guzmane-4-edited.png","width":1197,"height":673,"caption":"eliguzmane"},"logo":{"@id":"https:\/\/elifestivalera.com\/wp-content\/uploads\/2025\/08\/Eli-Guzmane-4-edited.png"},"sameAs":["https:\/\/elifestivalera.com"],"url":"https:\/\/elifestivalera.com\/index.php\/author\/eliguzmane\/"}]}},"_links":{"self":[{"href":"https:\/\/elifestivalera.com\/index.php\/wp-json\/wp\/v2\/posts\/553","targetHints":{"allow":["GET"]}}],"collection":[{"href":"https:\/\/elifestivalera.com\/index.php\/wp-json\/wp\/v2\/posts"}],"about":[{"href":"https:\/\/elifestivalera.com\/index.php\/wp-json\/wp\/v2\/types\/post"}],"author":[{"embeddable":true,"href":"https:\/\/elifestivalera.com\/index.php\/wp-json\/wp\/v2\/users\/1"}],"replies":[{"embeddable":true,"href":"https:\/\/elifestivalera.com\/index.php\/wp-json\/wp\/v2\/comments?post=553"}],"version-history":[{"count":1,"href":"https:\/\/elifestivalera.com\/index.php\/wp-json\/wp\/v2\/posts\/553\/revisions"}],"predecessor-version":[{"id":555,"href":"https:\/\/elifestivalera.com\/index.php\/wp-json\/wp\/v2\/posts\/553\/revisions\/555"}],"wp:featuredmedia":[{"embeddable":true,"href":"https:\/\/elifestivalera.com\/index.php\/wp-json\/wp\/v2\/media\/554"}],"wp:attachment":[{"href":"https:\/\/elifestivalera.com\/index.php\/wp-json\/wp\/v2\/media?parent=553"}],"wp:term":[{"taxonomy":"category","embeddable":true,"href":"https:\/\/elifestivalera.com\/index.php\/wp-json\/wp\/v2\/categories?post=553"},{"taxonomy":"post_tag","embeddable":true,"href":"https:\/\/elifestivalera.com\/index.php\/wp-json\/wp\/v2\/tags?post=553"}],"curies":[{"name":"wp","href":"https:\/\/api.w.org\/{rel}","templated":true}]}}