{"id":543,"date":"2026-06-02T23:24:40","date_gmt":"2026-06-02T21:24:40","guid":{"rendered":"https:\/\/elifestivalera.com\/?p=543"},"modified":"2026-06-03T07:05:01","modified_gmt":"2026-06-03T05:05:01","slug":"sr-bizarro-presenta-su-nuevo-single-somos-conciencia","status":"publish","type":"post","link":"https:\/\/elifestivalera.com\/index.php\/2026\/06\/02\/sr-bizarro-presenta-su-nuevo-single-somos-conciencia\/","title":{"rendered":"Sr. Bizarro presenta su nuevo single \u00abSomos Coincidencia\u00bb"},"content":{"rendered":"\n<p class=\"wp-block-paragraph\"><strong><em>\u00abSomos Coincidencia\u00bb<\/em><\/strong> es el single de <strong>Sr. Bizarro<\/strong>, la canci\u00f3n promocional de su nuevo \u00e1lbum <strong><em>\u00abFrecuencias y Armon\u00edas Temporales\u00bb<\/em><\/strong>, que gira entorno al amor inesperado, cuando dos caminos se cruzan sin previo aviso y, sin embargo, todo encaja.<\/p>\n\n\n\n<figure class=\"wp-block-embed is-type-video is-provider-youtube wp-block-embed-youtube wp-embed-aspect-16-9 wp-has-aspect-ratio\"><div class=\"wp-block-embed__wrapper\">\n<iframe title=\"SOMOS COINCIDENCIA - SR. BIZARRO\" width=\"500\" height=\"281\" src=\"https:\/\/www.youtube.com\/embed\/G0H-y2sWsJI?feature=oembed\" frameborder=\"0\" allow=\"accelerometer; autoplay; clipboard-write; encrypted-media; gyroscope; picture-in-picture; web-share\" referrerpolicy=\"strict-origin-when-cross-origin\" allowfullscreen><\/iframe>\n<\/div><\/figure>\n\n\n\n<h3 class=\"wp-block-heading\">\u00bfEs casualidad o es el destino de Sr. Bizarro? <\/h3>\n\n\n\n<p class=\"wp-block-paragraph\">A veces hay coincidencias que parecen escritas de antemano, encuentros que desaf\u00edan la l\u00f3gica e invitan a preguntarse si todo es fruto del azar o si realmente hay algo m\u00e1s profundo. <\/p>\n\n\n\n<p class=\"wp-block-paragraph\">Algunas coincidencias pueden ser b\u00e1sicas, sin embargo, hay otras que van m\u00e1s all\u00e1 del tiempo y el espacio, trascendiendo lo f\u00edsico para convertirse en una conciencia compartida, una sensaci\u00f3n reflejada en cada una de las frases de <strong><em>\u00abSomos Coincidencia\u00bb<\/em><\/strong>.<\/p>\n\n\n\n<p class=\"wp-block-paragraph\">Con este primer adelanto,&nbsp;<strong>Sr. Bizarro<\/strong>&nbsp;abre una nueva etapa sonora en la que la banda profundiza en sus inquietudes emocionales sin perder su identidad.&nbsp;<\/p>\n\n\n\n<p class=\"wp-block-paragraph\"><strong><a href=\"https:\/\/open.spotify.com\/intl-es\/track\/67206gLnGRuMcJsnkmIObB\" target=\"_blank\" rel=\"noopener\" title=\"\">\u201cSomos Coincidencia\u201d<\/a><\/strong>\u00a0no es solo una canci\u00f3n sobre el amor, sino sobre la sincron\u00eda, el destino y la belleza de los encuentros inesperados.<\/p>\n\n\n\n<figure class=\"wp-block-embed is-type-rich is-provider-spotify wp-block-embed-spotify wp-embed-aspect-21-9 wp-has-aspect-ratio\"><div class=\"wp-block-embed__wrapper\">\n<iframe title=\"Spotify Embed: Somos Coincidencia\" style=\"border-radius: 12px\" width=\"100%\" height=\"152\" frameborder=\"0\" allowfullscreen allow=\"autoplay; clipboard-write; encrypted-media; fullscreen; picture-in-picture\" loading=\"lazy\" src=\"https:\/\/open.spotify.com\/embed\/track\/67206gLnGRuMcJsnkmIObB?si=6cf9dc0e395d4127&amp;utm_source=oembed\"><\/iframe>\n<\/div><\/figure>\n","protected":false},"excerpt":{"rendered":"<p>\u00abSomos Coincidencia\u00bb es el single de Sr. Bizarro, la canci\u00f3n promocional de su nuevo \u00e1lbum \u00abFrecuencias y Armon\u00edas Temporales\u00bb, que gira entorno al amor inesperado, cuando dos caminos se cruzan sin previo aviso y, sin embargo, todo encaja. \u00bfEs casualidad o es el destino de Sr. Bizarro? A veces hay coincidencias que parecen escritas de [&hellip;]<\/p>\n","protected":false},"author":1,"featured_media":544,"comment_status":"closed","ping_status":"closed","sticky":false,"template":"","format":"standard","meta":{"footnotes":""},"categories":[1],"tags":[21],"class_list":["post-543","post","type-post","status-publish","format-standard","has-post-thumbnail","hentry","category-blog","tag-lanzamientos-musicales"],"yoast_head":"<!-- This site is optimized with the Yoast SEO plugin v28.3 - https:\/\/yoast.com\/product\/yoast-seo-wordpress\/ -->\n<title>Sr. Bizarro presenta su nuevo single &quot;Somos Coincidencia&quot; - @EliFestivalera<\/title>\n<meta name=\"robots\" content=\"index, follow, max-snippet:-1, max-image-preview:large, max-video-preview:-1\" \/>\n<link rel=\"canonical\" href=\"https:\/\/elifestivalera.com\/index.php\/2026\/06\/02\/sr-bizarro-presenta-su-nuevo-single-somos-conciencia\/\" \/>\n<meta property=\"og:locale\" content=\"es_ES\" \/>\n<meta property=\"og:type\" content=\"article\" \/>\n<meta property=\"og:title\" content=\"Sr. Bizarro presenta su nuevo single &quot;Somos Coincidencia&quot; - @EliFestivalera\" \/>\n<meta property=\"og:description\" content=\"\u00abSomos Coincidencia\u00bb es el single de Sr. Bizarro, la canci\u00f3n promocional de su nuevo \u00e1lbum \u00abFrecuencias y Armon\u00edas Temporales\u00bb, que gira entorno al amor inesperado, cuando dos caminos se cruzan sin previo aviso y, sin embargo, todo encaja. \u00bfEs casualidad o es el destino de Sr. Bizarro? A veces hay coincidencias que parecen escritas de [&hellip;]\" \/>\n<meta property=\"og:url\" content=\"https:\/\/elifestivalera.com\/index.php\/2026\/06\/02\/sr-bizarro-presenta-su-nuevo-single-somos-conciencia\/\" \/>\n<meta property=\"og:site_name\" content=\"@EliFestivalera\" \/>\n<meta property=\"article:published_time\" content=\"2026-06-02T21:24:40+00:00\" \/>\n<meta property=\"article:modified_time\" content=\"2026-06-03T05:05:01+00:00\" \/>\n<meta property=\"og:image\" content=\"https:\/\/elifestivalera.com\/wp-content\/uploads\/2026\/06\/image-683x1024.png\" \/>\n\t<meta property=\"og:image:width\" content=\"683\" \/>\n\t<meta property=\"og:image:height\" content=\"1024\" \/>\n\t<meta property=\"og:image:type\" content=\"image\/png\" \/>\n<meta name=\"author\" content=\"eliguzmane\" \/>\n<meta name=\"twitter:card\" content=\"summary_large_image\" \/>\n<meta name=\"twitter:label1\" content=\"Escrito por\" \/>\n\t<meta name=\"twitter:data1\" content=\"eliguzmane\" \/>\n\t<meta name=\"twitter:label2\" content=\"Tiempo de lectura\" \/>\n\t<meta name=\"twitter:data2\" content=\"1 minuto\" \/>\n<script type=\"application\/ld+json\" class=\"yoast-schema-graph\">{\"@context\":\"https:\\\/\\\/schema.org\",\"@graph\":[{\"@type\":\"Article\",\"@id\":\"https:\\\/\\\/elifestivalera.com\\\/index.php\\\/2026\\\/06\\\/02\\\/sr-bizarro-presenta-su-nuevo-single-somos-conciencia\\\/#article\",\"isPartOf\":{\"@id\":\"https:\\\/\\\/elifestivalera.com\\\/index.php\\\/2026\\\/06\\\/02\\\/sr-bizarro-presenta-su-nuevo-single-somos-conciencia\\\/\"},\"author\":{\"name\":\"eliguzmane\",\"@id\":\"https:\\\/\\\/elifestivalera.com\\\/#\\\/schema\\\/person\\\/f718ee5823a82f58726c06e42902104a\"},\"headline\":\"Sr. Bizarro presenta su nuevo single \u00abSomos Coincidencia\u00bb\",\"datePublished\":\"2026-06-02T21:24:40+00:00\",\"dateModified\":\"2026-06-03T05:05:01+00:00\",\"mainEntityOfPage\":{\"@id\":\"https:\\\/\\\/elifestivalera.com\\\/index.php\\\/2026\\\/06\\\/02\\\/sr-bizarro-presenta-su-nuevo-single-somos-conciencia\\\/\"},\"wordCount\":208,\"publisher\":{\"@id\":\"https:\\\/\\\/elifestivalera.com\\\/#\\\/schema\\\/person\\\/f718ee5823a82f58726c06e42902104a\"},\"image\":{\"@id\":\"https:\\\/\\\/elifestivalera.com\\\/index.php\\\/2026\\\/06\\\/02\\\/sr-bizarro-presenta-su-nuevo-single-somos-conciencia\\\/#primaryimage\"},\"thumbnailUrl\":\"https:\\\/\\\/elifestivalera.com\\\/wp-content\\\/uploads\\\/2026\\\/06\\\/image-scaled.png\",\"keywords\":[\"Lanzamientos musicales\"],\"articleSection\":[\"Blog\"],\"inLanguage\":\"es\"},{\"@type\":\"WebPage\",\"@id\":\"https:\\\/\\\/elifestivalera.com\\\/index.php\\\/2026\\\/06\\\/02\\\/sr-bizarro-presenta-su-nuevo-single-somos-conciencia\\\/\",\"url\":\"https:\\\/\\\/elifestivalera.com\\\/index.php\\\/2026\\\/06\\\/02\\\/sr-bizarro-presenta-su-nuevo-single-somos-conciencia\\\/\",\"name\":\"Sr. Bizarro presenta su nuevo single \\\"Somos Coincidencia\\\" - @EliFestivalera\",\"isPartOf\":{\"@id\":\"https:\\\/\\\/elifestivalera.com\\\/#website\"},\"primaryImageOfPage\":{\"@id\":\"https:\\\/\\\/elifestivalera.com\\\/index.php\\\/2026\\\/06\\\/02\\\/sr-bizarro-presenta-su-nuevo-single-somos-conciencia\\\/#primaryimage\"},\"image\":{\"@id\":\"https:\\\/\\\/elifestivalera.com\\\/index.php\\\/2026\\\/06\\\/02\\\/sr-bizarro-presenta-su-nuevo-single-somos-conciencia\\\/#primaryimage\"},\"thumbnailUrl\":\"https:\\\/\\\/elifestivalera.com\\\/wp-content\\\/uploads\\\/2026\\\/06\\\/image-scaled.png\",\"datePublished\":\"2026-06-02T21:24:40+00:00\",\"dateModified\":\"2026-06-03T05:05:01+00:00\",\"breadcrumb\":{\"@id\":\"https:\\\/\\\/elifestivalera.com\\\/index.php\\\/2026\\\/06\\\/02\\\/sr-bizarro-presenta-su-nuevo-single-somos-conciencia\\\/#breadcrumb\"},\"inLanguage\":\"es\",\"potentialAction\":[{\"@type\":\"ReadAction\",\"target\":[\"https:\\\/\\\/elifestivalera.com\\\/index.php\\\/2026\\\/06\\\/02\\\/sr-bizarro-presenta-su-nuevo-single-somos-conciencia\\\/\"]}]},{\"@type\":\"ImageObject\",\"inLanguage\":\"es\",\"@id\":\"https:\\\/\\\/elifestivalera.com\\\/index.php\\\/2026\\\/06\\\/02\\\/sr-bizarro-presenta-su-nuevo-single-somos-conciencia\\\/#primaryimage\",\"url\":\"https:\\\/\\\/elifestivalera.com\\\/wp-content\\\/uploads\\\/2026\\\/06\\\/image-scaled.png\",\"contentUrl\":\"https:\\\/\\\/elifestivalera.com\\\/wp-content\\\/uploads\\\/2026\\\/06\\\/image-scaled.png\",\"width\":1707,\"height\":2560},{\"@type\":\"BreadcrumbList\",\"@id\":\"https:\\\/\\\/elifestivalera.com\\\/index.php\\\/2026\\\/06\\\/02\\\/sr-bizarro-presenta-su-nuevo-single-somos-conciencia\\\/#breadcrumb\",\"itemListElement\":[{\"@type\":\"ListItem\",\"position\":1,\"name\":\"Portada\",\"item\":\"https:\\\/\\\/elifestivalera.com\\\/\"},{\"@type\":\"ListItem\",\"position\":2,\"name\":\"Sr. Bizarro presenta su nuevo single \u00abSomos Coincidencia\u00bb\"}]},{\"@type\":\"WebSite\",\"@id\":\"https:\\\/\\\/elifestivalera.com\\\/#website\",\"url\":\"https:\\\/\\\/elifestivalera.com\\\/\",\"name\":\"@EliFestivalera\",\"description\":\"Blog donde aprendemos sobre las industrias creativas, m\u00fasica, cultura, arte, music business y mucho m\u00e1s.\",\"publisher\":{\"@id\":\"https:\\\/\\\/elifestivalera.com\\\/#\\\/schema\\\/person\\\/f718ee5823a82f58726c06e42902104a\"},\"potentialAction\":[{\"@type\":\"SearchAction\",\"target\":{\"@type\":\"EntryPoint\",\"urlTemplate\":\"https:\\\/\\\/elifestivalera.com\\\/?s={search_term_string}\"},\"query-input\":{\"@type\":\"PropertyValueSpecification\",\"valueRequired\":true,\"valueName\":\"search_term_string\"}}],\"inLanguage\":\"es\"},{\"@type\":[\"Person\",\"Organization\"],\"@id\":\"https:\\\/\\\/elifestivalera.com\\\/#\\\/schema\\\/person\\\/f718ee5823a82f58726c06e42902104a\",\"name\":\"eliguzmane\",\"image\":{\"@type\":\"ImageObject\",\"inLanguage\":\"es\",\"@id\":\"https:\\\/\\\/elifestivalera.com\\\/wp-content\\\/uploads\\\/2025\\\/08\\\/Eli-Guzmane-4-edited.png\",\"url\":\"https:\\\/\\\/elifestivalera.com\\\/wp-content\\\/uploads\\\/2025\\\/08\\\/Eli-Guzmane-4-edited.png\",\"contentUrl\":\"https:\\\/\\\/elifestivalera.com\\\/wp-content\\\/uploads\\\/2025\\\/08\\\/Eli-Guzmane-4-edited.png\",\"width\":1197,\"height\":673,\"caption\":\"eliguzmane\"},\"logo\":{\"@id\":\"https:\\\/\\\/elifestivalera.com\\\/wp-content\\\/uploads\\\/2025\\\/08\\\/Eli-Guzmane-4-edited.png\"},\"sameAs\":[\"https:\\\/\\\/elifestivalera.com\"],\"url\":\"https:\\\/\\\/elifestivalera.com\\\/index.php\\\/author\\\/eliguzmane\\\/\"}]}<\/script>\n<!-- \/ Yoast SEO plugin. -->","yoast_head_json":{"title":"Sr. Bizarro presenta su nuevo single \"Somos Coincidencia\" - @EliFestivalera","robots":{"index":"index","follow":"follow","max-snippet":"max-snippet:-1","max-image-preview":"max-image-preview:large","max-video-preview":"max-video-preview:-1"},"canonical":"https:\/\/elifestivalera.com\/index.php\/2026\/06\/02\/sr-bizarro-presenta-su-nuevo-single-somos-conciencia\/","og_locale":"es_ES","og_type":"article","og_title":"Sr. Bizarro presenta su nuevo single \"Somos Coincidencia\" - @EliFestivalera","og_description":"\u00abSomos Coincidencia\u00bb es el single de Sr. Bizarro, la canci\u00f3n promocional de su nuevo \u00e1lbum \u00abFrecuencias y Armon\u00edas Temporales\u00bb, que gira entorno al amor inesperado, cuando dos caminos se cruzan sin previo aviso y, sin embargo, todo encaja. \u00bfEs casualidad o es el destino de Sr. Bizarro? A veces hay coincidencias que parecen escritas de [&hellip;]","og_url":"https:\/\/elifestivalera.com\/index.php\/2026\/06\/02\/sr-bizarro-presenta-su-nuevo-single-somos-conciencia\/","og_site_name":"@EliFestivalera","article_published_time":"2026-06-02T21:24:40+00:00","article_modified_time":"2026-06-03T05:05:01+00:00","og_image":[{"width":683,"height":1024,"url":"https:\/\/elifestivalera.com\/wp-content\/uploads\/2026\/06\/image-683x1024.png","type":"image\/png"}],"author":"eliguzmane","twitter_card":"summary_large_image","twitter_misc":{"Escrito por":"eliguzmane","Tiempo de lectura":"1 minuto"},"schema":{"@context":"https:\/\/schema.org","@graph":[{"@type":"Article","@id":"https:\/\/elifestivalera.com\/index.php\/2026\/06\/02\/sr-bizarro-presenta-su-nuevo-single-somos-conciencia\/#article","isPartOf":{"@id":"https:\/\/elifestivalera.com\/index.php\/2026\/06\/02\/sr-bizarro-presenta-su-nuevo-single-somos-conciencia\/"},"author":{"name":"eliguzmane","@id":"https:\/\/elifestivalera.com\/#\/schema\/person\/f718ee5823a82f58726c06e42902104a"},"headline":"Sr. Bizarro presenta su nuevo single \u00abSomos Coincidencia\u00bb","datePublished":"2026-06-02T21:24:40+00:00","dateModified":"2026-06-03T05:05:01+00:00","mainEntityOfPage":{"@id":"https:\/\/elifestivalera.com\/index.php\/2026\/06\/02\/sr-bizarro-presenta-su-nuevo-single-somos-conciencia\/"},"wordCount":208,"publisher":{"@id":"https:\/\/elifestivalera.com\/#\/schema\/person\/f718ee5823a82f58726c06e42902104a"},"image":{"@id":"https:\/\/elifestivalera.com\/index.php\/2026\/06\/02\/sr-bizarro-presenta-su-nuevo-single-somos-conciencia\/#primaryimage"},"thumbnailUrl":"https:\/\/elifestivalera.com\/wp-content\/uploads\/2026\/06\/image-scaled.png","keywords":["Lanzamientos musicales"],"articleSection":["Blog"],"inLanguage":"es"},{"@type":"WebPage","@id":"https:\/\/elifestivalera.com\/index.php\/2026\/06\/02\/sr-bizarro-presenta-su-nuevo-single-somos-conciencia\/","url":"https:\/\/elifestivalera.com\/index.php\/2026\/06\/02\/sr-bizarro-presenta-su-nuevo-single-somos-conciencia\/","name":"Sr. Bizarro presenta su nuevo single \"Somos Coincidencia\" - @EliFestivalera","isPartOf":{"@id":"https:\/\/elifestivalera.com\/#website"},"primaryImageOfPage":{"@id":"https:\/\/elifestivalera.com\/index.php\/2026\/06\/02\/sr-bizarro-presenta-su-nuevo-single-somos-conciencia\/#primaryimage"},"image":{"@id":"https:\/\/elifestivalera.com\/index.php\/2026\/06\/02\/sr-bizarro-presenta-su-nuevo-single-somos-conciencia\/#primaryimage"},"thumbnailUrl":"https:\/\/elifestivalera.com\/wp-content\/uploads\/2026\/06\/image-scaled.png","datePublished":"2026-06-02T21:24:40+00:00","dateModified":"2026-06-03T05:05:01+00:00","breadcrumb":{"@id":"https:\/\/elifestivalera.com\/index.php\/2026\/06\/02\/sr-bizarro-presenta-su-nuevo-single-somos-conciencia\/#breadcrumb"},"inLanguage":"es","potentialAction":[{"@type":"ReadAction","target":["https:\/\/elifestivalera.com\/index.php\/2026\/06\/02\/sr-bizarro-presenta-su-nuevo-single-somos-conciencia\/"]}]},{"@type":"ImageObject","inLanguage":"es","@id":"https:\/\/elifestivalera.com\/index.php\/2026\/06\/02\/sr-bizarro-presenta-su-nuevo-single-somos-conciencia\/#primaryimage","url":"https:\/\/elifestivalera.com\/wp-content\/uploads\/2026\/06\/image-scaled.png","contentUrl":"https:\/\/elifestivalera.com\/wp-content\/uploads\/2026\/06\/image-scaled.png","width":1707,"height":2560},{"@type":"BreadcrumbList","@id":"https:\/\/elifestivalera.com\/index.php\/2026\/06\/02\/sr-bizarro-presenta-su-nuevo-single-somos-conciencia\/#breadcrumb","itemListElement":[{"@type":"ListItem","position":1,"name":"Portada","item":"https:\/\/elifestivalera.com\/"},{"@type":"ListItem","position":2,"name":"Sr. Bizarro presenta su nuevo single \u00abSomos Coincidencia\u00bb"}]},{"@type":"WebSite","@id":"https:\/\/elifestivalera.com\/#website","url":"https:\/\/elifestivalera.com\/","name":"@EliFestivalera","description":"Blog donde aprendemos sobre las industrias creativas, m\u00fasica, cultura, arte, music business y mucho m\u00e1s.","publisher":{"@id":"https:\/\/elifestivalera.com\/#\/schema\/person\/f718ee5823a82f58726c06e42902104a"},"potentialAction":[{"@type":"SearchAction","target":{"@type":"EntryPoint","urlTemplate":"https:\/\/elifestivalera.com\/?s={search_term_string}"},"query-input":{"@type":"PropertyValueSpecification","valueRequired":true,"valueName":"search_term_string"}}],"inLanguage":"es"},{"@type":["Person","Organization"],"@id":"https:\/\/elifestivalera.com\/#\/schema\/person\/f718ee5823a82f58726c06e42902104a","name":"eliguzmane","image":{"@type":"ImageObject","inLanguage":"es","@id":"https:\/\/elifestivalera.com\/wp-content\/uploads\/2025\/08\/Eli-Guzmane-4-edited.png","url":"https:\/\/elifestivalera.com\/wp-content\/uploads\/2025\/08\/Eli-Guzmane-4-edited.png","contentUrl":"https:\/\/elifestivalera.com\/wp-content\/uploads\/2025\/08\/Eli-Guzmane-4-edited.png","width":1197,"height":673,"caption":"eliguzmane"},"logo":{"@id":"https:\/\/elifestivalera.com\/wp-content\/uploads\/2025\/08\/Eli-Guzmane-4-edited.png"},"sameAs":["https:\/\/elifestivalera.com"],"url":"https:\/\/elifestivalera.com\/index.php\/author\/eliguzmane\/"}]}},"_links":{"self":[{"href":"https:\/\/elifestivalera.com\/index.php\/wp-json\/wp\/v2\/posts\/543","targetHints":{"allow":["GET"]}}],"collection":[{"href":"https:\/\/elifestivalera.com\/index.php\/wp-json\/wp\/v2\/posts"}],"about":[{"href":"https:\/\/elifestivalera.com\/index.php\/wp-json\/wp\/v2\/types\/post"}],"author":[{"embeddable":true,"href":"https:\/\/elifestivalera.com\/index.php\/wp-json\/wp\/v2\/users\/1"}],"replies":[{"embeddable":true,"href":"https:\/\/elifestivalera.com\/index.php\/wp-json\/wp\/v2\/comments?post=543"}],"version-history":[{"count":5,"href":"https:\/\/elifestivalera.com\/index.php\/wp-json\/wp\/v2\/posts\/543\/revisions"}],"predecessor-version":[{"id":552,"href":"https:\/\/elifestivalera.com\/index.php\/wp-json\/wp\/v2\/posts\/543\/revisions\/552"}],"wp:featuredmedia":[{"embeddable":true,"href":"https:\/\/elifestivalera.com\/index.php\/wp-json\/wp\/v2\/media\/544"}],"wp:attachment":[{"href":"https:\/\/elifestivalera.com\/index.php\/wp-json\/wp\/v2\/media?parent=543"}],"wp:term":[{"taxonomy":"category","embeddable":true,"href":"https:\/\/elifestivalera.com\/index.php\/wp-json\/wp\/v2\/categories?post=543"},{"taxonomy":"post_tag","embeddable":true,"href":"https:\/\/elifestivalera.com\/index.php\/wp-json\/wp\/v2\/tags?post=543"}],"curies":[{"name":"wp","href":"https:\/\/api.w.org\/{rel}","templated":true}]}}